{"id":59310,"date":"2024-12-13T01:41:29","date_gmt":"2024-12-13T00:41:29","guid":{"rendered":"https:\/\/www.approachpeople.com\/?p=59310"},"modified":"2025-03-10T15:16:39","modified_gmt":"2025-03-10T14:16:39","slug":"transparence-au-travail-un-levier-pour-fideliser-et-attirer-les-talents","status":"publish","type":"post","link":"https:\/\/www.approachpeople.com\/fr\/transparence-au-travail-un-levier-pour-fideliser-et-attirer-les-talents","title":{"rendered":"Transparence au travail : un levier pour fid\u00e9liser et attirer les talents"},"content":{"rendered":"<div class=\"wpb-content-wrapper\"><p>[vc_row][vc_column][vc_column_text css=\u00a0\u00bb\u00a0\u00bb]<\/p>\n<p style=\"text-align: center;\"><strong>Temps de lecture : <\/strong>3 minutes<\/p>\n<p style=\"text-align: left;\"><strong>Et si la transparence devenait la cl\u00e9 des transitions professionnelles r\u00e9ussies ? Dans cet article, je raconte l\u2019histoire d\u2019Alexandre, chef de projet en qu\u00eate de renouveau. J\u2019illustre une approche id\u00e9ale o\u00f9 sinc\u00e9rit\u00e9 et collaboration transforment un d\u00e9part en v\u00e9ritable opportunit\u00e9, tant pour le collaborateur que pour l\u2019entreprise. Une vision inspirante pour repenser le monde du travail.<\/strong><\/p>\n<p>[\/vc_column_text][vc_separator color=\u00a0\u00bbwhite\u00a0\u00bb][vc_single_image image=\u00a0\u00bb3996&Prime; img_size=\u00a0\u00bblarge\u00a0\u00bb alignment=\u00a0\u00bbcenter\u00a0\u00bb onclick=\u00a0\u00bbcustom_link\u00a0\u00bb css_animation=\u00a0\u00bbbounceIn\u00a0\u00bb css=\u00a0\u00bb.vc_custom_1733963108596{margin-bottom: 30px !important;}\u00a0\u00bb link=\u00a0\u00bbhttps:\/\/www.bfmtv.com\/economie\/emploi\/le-nombre-de-salaries-re-toquant-chez-un-ex-employeur-a-augmente-de-36-en-3-ans_VN-202406050522.html\u00a0\u00bb][vc_column_text css=\u00a0\u00bb\u00a0\u00bb]Alexandre est chef de projet dans une entreprise en pleine croissance. Apr\u00e8s plusieurs ann\u00e9es d\u2019implication et de r\u00e9ussite, Alexandre commence \u00e0 ressentir une envie de nouveaux d\u00e9fis. Ce n\u2019est ni une crise, ni un conflit avec son entreprise, simplement une \u00e9tape naturelle de son parcours.<\/p>\n<p>Dans une organisation traditionnelle, cette envie peut devenir un poids, mais Alexandre \u00e9volue dans une entreprise o\u00f9 la transparence est au c\u0153ur des relations humaines. Plut\u00f4t que de cacher son d\u00e9sir d\u2019explorer de nouveaux horizons, il d\u00e9cide d\u2019en parler avec son manager lors de leur prochaine r\u00e9union.<\/p>\n<p><strong>Oser aborder le sujet<\/strong><\/p>\n<p>Lors de sa r\u00e9union hebdomadaire avec son manager, Alexandre prend son courage \u00e0 deux mains. Il aborde la question avec calme et honn\u00eatet\u00e9 :[\/vc_column_text]<style>.ld_testimonial_69f4344cb847c .testimonial-details h5{color:rgb(154, 73, 73);}<\/style><div id=\"ld_testimonial_69f4344cb847c\" class=\"testimonial text-left ld_testimonial_69f4344cb847c\">\n\t\n\t<div class=\"testimonial-quote\">\n\t\t<blockquote><blockquote><p>\n\u00ab J\u2019ai beaucoup appr\u00e9ci\u00e9 ces derni\u00e8res ann\u00e9es ici, mais je commence \u00e0 r\u00e9fl\u00e9chir \u00e0 la suite de ma carri\u00e8re. Je pense qu\u2019il est peut-\u00eatre temps pour moi de regarder ailleurs. \u00bb\n<\/p><\/blockquote>\n<\/blockquote>\t<\/div><!-- \/.testimonial-qoute -->\n\n\t<div class=\"testimonial-details\">\n\t\t\t\t<div class=\"testimonial-info\">\n\t\t\t\t\t\t\t\t<\/div><!-- \/.testimonial-info -->\n\t\t\n\t\n\t<\/div><!-- \/.testimonial-details -->\n\t\t\t\t\n<\/div><!-- \/.testimonial -->[vc_column_text css=\u00a0\u00bb\u00a0\u00bb]Son manager, bien que l\u00e9g\u00e8rement d\u00e9stabilis\u00e9, accueille la nouvelle avec une \u00e9coute bienveillante. Il pose des questions, non pas d\u00e9j\u00e0 pour convaincre Alexandre de rester, mais pour comprendre ses motivations profondes :[\/vc_column_text]<style>.ld_testimonial_69f4344cb8534 .testimonial-details h5{color:rgb(154, 73, 73);}<\/style><div id=\"ld_testimonial_69f4344cb8534\" class=\"testimonial text-left ld_testimonial_69f4344cb8534\">\n\t\n\t<div class=\"testimonial-quote\">\n\t\t<blockquote><blockquote><p>\n\u00ab Qu\u2019est-ce qui te motive \u00e0 chercher ailleurs ? Est-ce un besoin de nouveaut\u00e9 ? Y a-t-il quelque chose ici que tu aimerais voir changer ? \u00bb\n<\/p><\/blockquote>\n<\/blockquote>\t<\/div><!-- \/.testimonial-qoute -->\n\n\t<div class=\"testimonial-details\">\n\t\t\t\t<div class=\"testimonial-info\">\n\t\t\t\t\t\t\t\t<\/div><!-- \/.testimonial-info -->\n\t\t\n\t\n\t<\/div><!-- \/.testimonial-details -->\n\t\t\t\t\n<\/div><!-- \/.testimonial -->[vc_column_text css=\u00a0\u00bb\u00a0\u00bb]<strong>Une transition r\u00e9ussie et b\u00e9n\u00e9fique pour tous<\/strong><\/p>\n<p>Gr\u00e2ce \u00e0 cette discussion ouverte, Alexandre explore d\u2019abord les possibilit\u00e9s au sein de l\u2019entreprise. De nouveaux projets ? Une formation ? Ces options sont \u00e9tudi\u00e9es ensemble, mais Alexandre r\u00e9alise rapidement que son envie de changement va au-del\u00e0 de ces ajustements. Il est pr\u00eat \u00e0 d\u00e9couvrir ce que d\u2019autres opportunit\u00e9s ont \u00e0 lui offrir.<\/p>\n<p>Alors commence pour lui une phase de recherche active d\u2019emploi. Ce qui aurait pu \u00eatre un moment stressant, jonch\u00e9 de rendez-vous secrets et d\u2019excuses pour des absences, devient une exp\u00e9rience sereine. Alexandre n\u2019a pas besoin de jongler avec des RTT ou d\u2019esquiver les appels des recruteurs : tout se fait dans une ambiance de respect mutuel et de transparence.<\/p>\n<p>Lorsqu\u2019Alexandre d\u00e9croche un nouveau poste correspondant \u00e0 ses aspirations, il en informe son manager. Ensemble, ils pr\u00e9parent la transition de mani\u00e8re structur\u00e9e et collaborative. Alexandre participe au recrutement de son successeur, partage ses connaissances et s\u2019assure que tous ses projets en cours soient transmis dans les meilleures conditions.[\/vc_column_text][vc_separator color=\u00a0\u00bbwhite\u00a0\u00bb][vc_column_text css_animation=\u00a0\u00bbfadeInLeft\u00a0\u00bb css=\u00a0\u00bb\u00a0\u00bb]<\/p>\n<blockquote><p><em><span style=\"color: darkblue;\">\u00ab\u00a0L\u2019histoire d\u2019Alexandre refl\u00e8te ce vers quoi le monde du travail peut tendre : un \u00e9quilibre sain entre aspirations individuelles et objectifs collectifs, o\u00f9 le respect et la collaboration deviennent des leviers de r\u00e9ussite \u00e0 long terme.\u00a0\u00bb<\/span><\/em><\/p><\/blockquote>\n<p>[\/vc_column_text][vc_separator color=\u00a0\u00bbwhite\u00a0\u00bb][vc_column_text css=\u00a0\u00bb\u00a0\u00bb]Cette approche, loin d\u2019\u00eatre conflictuelle, renforce la relation de confiance entre Alexandre et son entreprise. En partant, Alexandre reste attach\u00e9 \u00e0 son ancien employeur et maintient des liens solides avec son manager. Il devient un excellent ambassadeur de l\u2019entreprise, la recommande pour son approche humaine et professionnelle, ce qui contribue \u00e0 recruter deux nouveaux talents au cours des trois ann\u00e9es suivantes. Quelques ann\u00e9es plus tard et fort de ses nouvelles exp\u00e9riences et du r\u00e9seau qu\u2019il a d\u00e9velopp\u00e9, lui-m\u00eame <a href=\"mailto:https:\/\/www.approachpeople.com\/fr\/salaries-boomerang-notre-drh-emilie-narcy-temoigne\">revient dans l\u2019entreprise en tant que salari\u00e9 \u00ab boomerang \u00bb<\/a>. Ce cycle, bas\u00e9 sur la confiance et le respect mutuel, n\u2019est pas seulement b\u00e9n\u00e9fique pour Alexandre : il devient un v\u00e9ritable atout pour l\u2019entreprise, qui capitalise sur des talents fid\u00e8les et motiv\u00e9s.<\/p>\n<p><strong>Une vision incarn\u00e9e chez Approach People Recruitment<\/strong><\/p>\n<p>En tant que fondateur d\u2019Approach People Recruitment, j\u2019ai eu la chance d\u2019int\u00e9grer cette philosophie et de la voir porter ses fruits au sein de notre propre entreprise. Plusieurs collaborateurs, apr\u00e8s avoir explor\u00e9 d\u2019autres horizons, sont revenus enrichis de nouvelles exp\u00e9riences, pr\u00eats \u00e0 apporter un regard frais et des comp\u00e9tences \u00e9largies. Ces salari\u00e9s \u00ab boomerang \u00bb incarnent parfaitement l\u2019id\u00e9e que clart\u00e9 et dialogue favorisent des relations professionnelles durables, m\u00eame lorsqu\u2019elles sont parfois entrecoup\u00e9es.<\/p>\n<p>Cette transparence, nous la pratiquons au quotidien avec nos \u00e9quipes, et nous la pr\u00f4nons aupr\u00e8s de nos clients. D\u00e8s les premiers \u00e9changes de recrutement, nous les encourageons \u00e0 instaurer un climat de confiance et d\u2019ouverture avec leurs futurs talents. Cela ne se limite pas \u00e0 une strat\u00e9gie : c\u2019est une mani\u00e8re de b\u00e2tir des relations professionnelles solides et enrichissantes pour toutes les parties.<\/p>\n<p>L\u2019histoire d\u2019Alexandre, bien qu\u2019id\u00e9alis\u00e9e, refl\u00e8te ce vers quoi le monde du travail peut tendre : un \u00e9quilibre sain entre aspirations individuelles et objectifs collectifs, o\u00f9 le respect et la collaboration deviennent des leviers de r\u00e9ussite \u00e0 long terme.[\/vc_column_text]<div id=\"ld_testimonial_69f4344cb85ac\" class=\"testimonial text-left ld_testimonial_69f4344cb85ac\">\n\t\n\t<div class=\"testimonial-quote\">\n\t\t\t<\/div><!-- \/.testimonial-qoute -->\n\n\t<div class=\"testimonial-details\">\n\t\t<figure class=\"avatar \"><img decoding=\"async\" src=\"https:\/\/www.approachpeople.com\/wp-content\/uploads\/2022\/04\/Laurent-1-scaled-e1651151810332.jpg\" alt=\"Laurent Girard-Claudon\" \/><\/figure>\t\t<div class=\"testimonial-info\">\n\t\t\t<h5 >Laurent Girard-Claudon<\/h5>\t\t\t<h6 class=\"font-weight-normal\">Fondateur et directeur g\u00e9n\u00e9ral d&#039;Approach People Recruitment<\/h6>\t\t<\/div><!-- \/.testimonial-info -->\n\t\t\n\t\n\t<\/div><!-- \/.testimonial-details -->\n\t\t\t\t\n<\/div><!-- \/.testimonial -->[\/vc_column][vc_column][\/vc_column][\/vc_row][vc_column bg_position=\u00a0\u00bbleft center\u00a0\u00bb css=\u00a0\u00bb.vc_custom_1652191204663{margin-top: 10px !important;background-position: center !important;background-repeat: no-repeat !important;background-size: cover !important;}\u00a0\u00bb][\/vc_column][vc_row][vc_column][vc_separator color=\u00a0\u00bbwhite\u00a0\u00bb][vc_column_text css=\u00a0\u00bb\u00a0\u00bb]<\/p>\n<p style=\"text-align: center;\">Vous souhaitez \u00eatre soutenu dans vos projets de recrutement ?<\/p>\n<p>[\/vc_column_text][vc_separator color=\u00a0\u00bbwhite\u00a0\u00bb][vc_btn title=\u00a0\u00bbContactez-nous !\u00a0\u00bb style=\u00a0\u00bboutline\u00a0\u00bb color=\u00a0\u00bbdanger\u00a0\u00bb align=\u00a0\u00bbcenter\u00a0\u00bb css=\u00a0\u00bb\u00a0\u00bb link=\u00a0\u00bburl:https%3A%2F%2Fwww.approachpeople.com%2Ffr%2Fcontact|target:_blank\u00a0\u00bb][\/vc_column][\/vc_row]<\/p>\n<\/div>","protected":false},"excerpt":{"rendered":"<p>[vc_row][vc_column][vc_column_text css=\u00a0\u00bb\u00a0\u00bb] Temps de lecture : 3 minutes Et si la transparence devenait la cl\u00e9&#8230;<\/p>\n","protected":false},"author":131,"featured_media":58986,"comment_status":"closed","ping_status":"open","sticky":false,"template":"","format":"standard","meta":{"footnotes":""},"categories":[218],"tags":[],"class_list":["post-59310","post","type-post","status-publish","format-standard","has-post-thumbnail","hentry","category-conseils-aux-entreprises"],"yoast_head":"<!-- This site is optimized with the Yoast SEO plugin v27.5 - https:\/\/yoast.com\/product\/yoast-seo-wordpress\/ -->\n<title>Transparence au travail : un levier pour fid\u00e9liser et attirer les talents<\/title>\n<meta name=\"description\" content=\"Pour tendre vers un monde du travail avec un \u00e9quilibre sain entre aspirations individuelles et objectifs collectifs.\" \/>\n<meta name=\"robots\" content=\"index, follow, max-snippet:-1, max-image-preview:large, max-video-preview:-1\" \/>\n<link rel=\"canonical\" href=\"https:\/\/www.approachpeople.com\/fr\/transparence-au-travail-un-levier-pour-fideliser-et-attirer-les-talents\" \/>\n<meta property=\"og:locale\" content=\"fr_FR\" \/>\n<meta property=\"og:type\" content=\"article\" \/>\n<meta property=\"og:title\" content=\"Transparence au travail : un levier pour fid\u00e9liser et attirer les talents\" \/>\n<meta property=\"og:description\" content=\"Pour tendre vers un monde du travail avec un \u00e9quilibre sain entre aspirations individuelles et objectifs collectifs.\" \/>\n<meta property=\"og:url\" content=\"https:\/\/www.approachpeople.com\/fr\/transparence-au-travail-un-levier-pour-fideliser-et-attirer-les-talents\" \/>\n<meta property=\"og:site_name\" content=\"Approach People Recruitment\" \/>\n<meta property=\"article:published_time\" content=\"2024-12-13T00:41:29+00:00\" \/>\n<meta property=\"article:modified_time\" content=\"2025-03-10T14:16:39+00:00\" \/>\n<meta property=\"og:image\" content=\"https:\/\/www.approachpeople.com\/wp-content\/uploads\/2024\/11\/pexels-cottonbro-5989926-recrutement.jpg\" \/>\n\t<meta property=\"og:image:width\" content=\"1920\" \/>\n\t<meta property=\"og:image:height\" content=\"1280\" \/>\n\t<meta property=\"og:image:type\" content=\"image\/jpeg\" \/>\n<meta name=\"author\" content=\"christopher\" \/>\n<meta name=\"twitter:card\" content=\"summary_large_image\" \/>\n<meta name=\"twitter:title\" content=\"Transparence au travail : un levier pour fid\u00e9liser et attirer les talents\" \/>\n<meta name=\"twitter:description\" content=\"Pour tendre vers un monde du travail avec un \u00e9quilibre sain entre aspirations individuelles et objectifs collectifs.\" \/>\n<meta name=\"twitter:image\" content=\"https:\/\/www.approachpeople.com\/wp-content\/uploads\/2024\/11\/pexels-cottonbro-5989926-recrutement.jpg\" \/>\n<meta name=\"twitter:label1\" content=\"\u00c9crit par\" \/>\n\t<meta name=\"twitter:data1\" content=\"christopher\" \/>\n\t<meta name=\"twitter:label2\" content=\"Dur\u00e9e de lecture estim\u00e9e\" \/>\n\t<meta name=\"twitter:data2\" content=\"4 minutes\" \/>\n<!-- \/ Yoast SEO plugin. -->","yoast_head_json":{"title":"Transparence au travail : un levier pour fid\u00e9liser et attirer les talents","description":"Pour tendre vers un monde du travail avec un \u00e9quilibre sain entre aspirations individuelles et objectifs collectifs.","robots":{"index":"index","follow":"follow","max-snippet":"max-snippet:-1","max-image-preview":"max-image-preview:large","max-video-preview":"max-video-preview:-1"},"canonical":"https:\/\/www.approachpeople.com\/fr\/transparence-au-travail-un-levier-pour-fideliser-et-attirer-les-talents","og_locale":"fr_FR","og_type":"article","og_title":"Transparence au travail : un levier pour fid\u00e9liser et attirer les talents","og_description":"Pour tendre vers un monde du travail avec un \u00e9quilibre sain entre aspirations individuelles et objectifs collectifs.","og_url":"https:\/\/www.approachpeople.com\/fr\/transparence-au-travail-un-levier-pour-fideliser-et-attirer-les-talents","og_site_name":"Approach People Recruitment","article_published_time":"2024-12-13T00:41:29+00:00","article_modified_time":"2025-03-10T14:16:39+00:00","og_image":[{"width":1920,"height":1280,"url":"https:\/\/www.approachpeople.com\/wp-content\/uploads\/2024\/11\/pexels-cottonbro-5989926-recrutement.jpg","type":"image\/jpeg"}],"author":"christopher","twitter_card":"summary_large_image","twitter_title":"Transparence au travail : un levier pour fid\u00e9liser et attirer les talents","twitter_description":"Pour tendre vers un monde du travail avec un \u00e9quilibre sain entre aspirations individuelles et objectifs collectifs.","twitter_image":"https:\/\/www.approachpeople.com\/wp-content\/uploads\/2024\/11\/pexels-cottonbro-5989926-recrutement.jpg","twitter_misc":{"\u00c9crit par":"christopher","Dur\u00e9e de lecture estim\u00e9e":"4 minutes"},"schema":{"@context":"https:\/\/schema.org","@graph":[{"@type":"Article","@id":"https:\/\/www.approachpeople.com\/fr\/transparence-au-travail-un-levier-pour-fideliser-et-attirer-les-talents#article","isPartOf":{"@id":"https:\/\/www.approachpeople.com\/fr\/transparence-au-travail-un-levier-pour-fideliser-et-attirer-les-talents"},"author":{"name":"christopher","@id":"https:\/\/www.approachpeople.com\/#\/schema\/person\/3f8e6f437e895cf8d97bea818aca5cb0"},"headline":"Transparence au travail : un levier pour fid\u00e9liser et attirer les talents","datePublished":"2024-12-13T00:41:29+00:00","dateModified":"2025-03-10T14:16:39+00:00","mainEntityOfPage":{"@id":"https:\/\/www.approachpeople.com\/fr\/transparence-au-travail-un-levier-pour-fideliser-et-attirer-les-talents"},"wordCount":1076,"image":{"@id":"https:\/\/www.approachpeople.com\/fr\/transparence-au-travail-un-levier-pour-fideliser-et-attirer-les-talents#primaryimage"},"thumbnailUrl":"https:\/\/www.approachpeople.com\/wp-content\/uploads\/2024\/11\/pexels-cottonbro-5989926-recrutement.jpg","articleSection":["Conseils aux entreprises"],"inLanguage":"fr-FR"},{"@type":"WebPage","@id":"https:\/\/www.approachpeople.com\/fr\/transparence-au-travail-un-levier-pour-fideliser-et-attirer-les-talents","url":"https:\/\/www.approachpeople.com\/fr\/transparence-au-travail-un-levier-pour-fideliser-et-attirer-les-talents","name":"Transparence au travail : un levier pour fid\u00e9liser et attirer les talents","isPartOf":{"@id":"https:\/\/www.approachpeople.com\/#website"},"primaryImageOfPage":{"@id":"https:\/\/www.approachpeople.com\/fr\/transparence-au-travail-un-levier-pour-fideliser-et-attirer-les-talents#primaryimage"},"image":{"@id":"https:\/\/www.approachpeople.com\/fr\/transparence-au-travail-un-levier-pour-fideliser-et-attirer-les-talents#primaryimage"},"thumbnailUrl":"https:\/\/www.approachpeople.com\/wp-content\/uploads\/2024\/11\/pexels-cottonbro-5989926-recrutement.jpg","datePublished":"2024-12-13T00:41:29+00:00","dateModified":"2025-03-10T14:16:39+00:00","author":{"@id":"https:\/\/www.approachpeople.com\/#\/schema\/person\/3f8e6f437e895cf8d97bea818aca5cb0"},"description":"Pour tendre vers un monde du travail avec un \u00e9quilibre sain entre aspirations individuelles et objectifs collectifs.","breadcrumb":{"@id":"https:\/\/www.approachpeople.com\/fr\/transparence-au-travail-un-levier-pour-fideliser-et-attirer-les-talents#breadcrumb"},"inLanguage":"fr-FR","potentialAction":[{"@type":"ReadAction","target":["https:\/\/www.approachpeople.com\/fr\/transparence-au-travail-un-levier-pour-fideliser-et-attirer-les-talents"]}]},{"@type":"ImageObject","inLanguage":"fr-FR","@id":"https:\/\/www.approachpeople.com\/fr\/transparence-au-travail-un-levier-pour-fideliser-et-attirer-les-talents#primaryimage","url":"https:\/\/www.approachpeople.com\/wp-content\/uploads\/2024\/11\/pexels-cottonbro-5989926-recrutement.jpg","contentUrl":"https:\/\/www.approachpeople.com\/wp-content\/uploads\/2024\/11\/pexels-cottonbro-5989926-recrutement.jpg","width":1920,"height":1280},{"@type":"BreadcrumbList","@id":"https:\/\/www.approachpeople.com\/fr\/transparence-au-travail-un-levier-pour-fideliser-et-attirer-les-talents#breadcrumb","itemListElement":[{"@type":"ListItem","position":1,"name":"Home","item":"https:\/\/www.approachpeople.com\/fr"},{"@type":"ListItem","position":2,"name":"Transparence au travail : un levier pour fid\u00e9liser et attirer les talents"}]},{"@type":"WebSite","@id":"https:\/\/www.approachpeople.com\/#website","url":"https:\/\/www.approachpeople.com\/","name":"Approach People Recruitment","description":"","potentialAction":[{"@type":"SearchAction","target":{"@type":"EntryPoint","urlTemplate":"https:\/\/www.approachpeople.com\/?s={search_term_string}"},"query-input":{"@type":"PropertyValueSpecification","valueRequired":true,"valueName":"search_term_string"}}],"inLanguage":"fr-FR"},{"@type":"Person","@id":"https:\/\/www.approachpeople.com\/#\/schema\/person\/3f8e6f437e895cf8d97bea818aca5cb0","name":"christopher","image":{"@type":"ImageObject","inLanguage":"fr-FR","@id":"https:\/\/secure.gravatar.com\/avatar\/fd87534a0018e30c621afe2b3fc4e7ea678427e03b78a4b7c6151b57d171a29a?s=96&d=https%3A%2F%2Fwww.approachpeople.com%2Fwp-content%2Fplugins%2Fwp-jobsearch%2Fimages%2Fno-image.jpg&r=g","url":"https:\/\/secure.gravatar.com\/avatar\/fd87534a0018e30c621afe2b3fc4e7ea678427e03b78a4b7c6151b57d171a29a?s=96&d=https%3A%2F%2Fwww.approachpeople.com%2Fwp-content%2Fplugins%2Fwp-jobsearch%2Fimages%2Fno-image.jpg&r=g","contentUrl":"https:\/\/secure.gravatar.com\/avatar\/fd87534a0018e30c621afe2b3fc4e7ea678427e03b78a4b7c6151b57d171a29a?s=96&d=https%3A%2F%2Fwww.approachpeople.com%2Fwp-content%2Fplugins%2Fwp-jobsearch%2Fimages%2Fno-image.jpg&r=g","caption":"christopher"}}]}},"_links":{"self":[{"href":"https:\/\/www.approachpeople.com\/fr\/wp-json\/wp\/v2\/posts\/59310","targetHints":{"allow":["GET"]}}],"collection":[{"href":"https:\/\/www.approachpeople.com\/fr\/wp-json\/wp\/v2\/posts"}],"about":[{"href":"https:\/\/www.approachpeople.com\/fr\/wp-json\/wp\/v2\/types\/post"}],"author":[{"embeddable":true,"href":"https:\/\/www.approachpeople.com\/fr\/wp-json\/wp\/v2\/users\/131"}],"replies":[{"embeddable":true,"href":"https:\/\/www.approachpeople.com\/fr\/wp-json\/wp\/v2\/comments?post=59310"}],"version-history":[{"count":0,"href":"https:\/\/www.approachpeople.com\/fr\/wp-json\/wp\/v2\/posts\/59310\/revisions"}],"wp:featuredmedia":[{"embeddable":true,"href":"https:\/\/www.approachpeople.com\/fr\/wp-json\/wp\/v2\/media\/58986"}],"wp:attachment":[{"href":"https:\/\/www.approachpeople.com\/fr\/wp-json\/wp\/v2\/media?parent=59310"}],"wp:term":[{"taxonomy":"category","embeddable":true,"href":"https:\/\/www.approachpeople.com\/fr\/wp-json\/wp\/v2\/categories?post=59310"},{"taxonomy":"post_tag","embeddable":true,"href":"https:\/\/www.approachpeople.com\/fr\/wp-json\/wp\/v2\/tags?post=59310"}],"curies":[{"name":"wp","href":"https:\/\/api.w.org\/{rel}","templated":true}]}}