{"id":3571,"date":"2021-04-02T15:44:19","date_gmt":"2021-04-02T13:44:19","guid":{"rendered":"https:\/\/www.approachpeople.com?p=3571"},"modified":"2025-03-10T15:16:42","modified_gmt":"2025-03-10T14:16:42","slug":"recruter-a-linternational-ce-qui-change-depuis-la-crise","status":"publish","type":"post","link":"https:\/\/www.approachpeople.com\/fr\/recruter-a-linternational-ce-qui-change-depuis-la-crise","title":{"rendered":"Recruter \u00e0 l&rsquo;international : Ce qui change depuis la crise"},"content":{"rendered":"<div class=\"wpb-content-wrapper\"><p>[vc_row][vc_column][vc_column_text]<\/p>\r\n<p>Jeudi 1er avril 2021, <strong>Approach People Recruitment<\/strong> \u00e9tait invit\u00e9 par le Figaro Recruteur et Cadremploi pour r\u00e9agir sur le sujet : <strong>Recruter \u00e0 l&rsquo;international : Ce qui change depuis la crise. <\/strong><\/p>\r\n<p>Notre cabinet de recrutement a \u00e9t\u00e9 choisi pour son expertise \u00e0 l&rsquo;international et sa connaissance des march\u00e9s europ\u00e9ens au niveau aussi bien localement que globalement.<\/p>\r\n<p>De l&rsquo;\u00e9tude men\u00e9e par Boston Consulting Group, il resort, entre autres, que<strong> les fran\u00e7ais sont \u00e0 55% favorables \u00e0 une exp\u00e9rience internationale<\/strong> mais <strong>depuis la France<\/strong>, en 100% t\u00e9l\u00e9travail.<\/p>\r\n<p>Pour revoir ce webinar et l&rsquo;analyse des experts, c&rsquo;est juste en dessous.<\/p>\r\n<p>Le webinar est anim\u00e9 par Sylvia Di Pasquale, R\u00e9dactrice en chef, Cadremploi, et Fanny Potier, Partner &amp; Associate Director, Boston Consulting Group (BCG)<\/p>\r\n<p>[\/vc_column_text][\/vc_column][\/vc_row][vc_row][vc_column][vc_video link=\u00a0\u00bbhttps:\/\/www.youtube.com\/watch?v=Rp80CMTznLg\u00a0\u00bb][\/vc_column][\/vc_row][vc_row][vc_column][vc_column_text]<\/p>\r\n<p>Pour plus d&rsquo;information sur la mobilit\u00e9 internationale des candidats en 2021, vous pouvez consulter l&rsquo;\u00e9tude compl\u00e8te en cliquant sur le lien ci-dessous.<\/p>\r\n<p class=\"has-text-align-center\"><\/p>\r\n<p class=\"has-text-align-center\"><a href=\"https:\/\/f.hubspotusercontent10.net\/hubfs\/3437415\/Webinars\/Figaro-Recruteur-Recruter-a-linternational-ce-qui-change-depuis-la-crise-avril-2021.pdf\" target=\"_blank\" rel=\"noreferrer noopener\"><strong>Voir l&rsquo;\u00e9tude compl\u00e8te ici<\/strong><\/a><\/p>\r\n<p>[\/vc_column_text][\/vc_column][\/vc_row]<\/p><\/div>","protected":false},"excerpt":{"rendered":"<p>[vc_row][vc_column][vc_column_text] Jeudi 1er avril 2021, Approach People Recruitment \u00e9tait invit\u00e9 par le Figaro Recruteur et&#8230;<\/p>\n","protected":false},"author":1,"featured_media":3573,"comment_status":"closed","ping_status":"open","sticky":false,"template":"","format":"standard","meta":{"footnotes":""},"categories":[19,219],"tags":[],"class_list":["post-3571","post","type-post","status-publish","format-standard","has-post-thumbnail","hentry","category-actualites","category-tendances-du-marche"],"yoast_head":"<!-- This site is optimized with the Yoast SEO plugin v27.5 - https:\/\/yoast.com\/product\/yoast-seo-wordpress\/ -->\n<title>Recruter \u00e0 l&#039;international : Ce qui change depuis la crise<\/title>\n<meta name=\"description\" content=\"Depuis le d\u00e9but de la crise, les entreprises ont du s&#039;adapter pour recruter \u00e0 l&#039;international. Avec le t\u00e9l\u00e9travail, les carri\u00e8res internationales \u00e9voluent.\" \/>\n<meta name=\"robots\" content=\"index, follow, max-snippet:-1, max-image-preview:large, max-video-preview:-1\" \/>\n<link rel=\"canonical\" href=\"https:\/\/www.approachpeople.com\/fr\/recruter-a-linternational-ce-qui-change-depuis-la-crise\" \/>\n<meta property=\"og:locale\" content=\"fr_FR\" \/>\n<meta property=\"og:type\" content=\"article\" \/>\n<meta property=\"og:title\" content=\"Recruter \u00e0 l&#039;international : Ce qui change depuis la crise\" \/>\n<meta property=\"og:description\" content=\"Depuis le d\u00e9but de la crise, les entreprises ont du s&#039;adapter pour recruter \u00e0 l&#039;international. Avec le t\u00e9l\u00e9travail, les carri\u00e8res internationales \u00e9voluent.\" \/>\n<meta property=\"og:url\" content=\"https:\/\/www.approachpeople.com\/fr\/recruter-a-linternational-ce-qui-change-depuis-la-crise\" \/>\n<meta property=\"og:site_name\" content=\"Approach People Recruitment\" \/>\n<meta property=\"article:published_time\" content=\"2021-04-02T13:44:19+00:00\" \/>\n<meta property=\"article:modified_time\" content=\"2025-03-10T14:16:42+00:00\" \/>\n<meta property=\"og:image\" content=\"https:\/\/www.approachpeople.com\/wp-content\/uploads\/2022\/02\/saulo-mohana-wNz7_5EvUWU-unsplash-copie-scaled.jpg\" \/>\n\t<meta property=\"og:image:width\" content=\"2560\" \/>\n\t<meta property=\"og:image:height\" content=\"1702\" \/>\n\t<meta property=\"og:image:type\" content=\"image\/jpeg\" \/>\n<meta name=\"author\" content=\"seo.fr\" \/>\n<meta name=\"twitter:card\" content=\"summary_large_image\" \/>\n<meta name=\"twitter:label1\" content=\"\u00c9crit par\" \/>\n\t<meta name=\"twitter:data1\" content=\"seo.fr\" \/>\n\t<meta name=\"twitter:label2\" content=\"Dur\u00e9e de lecture estim\u00e9e\" \/>\n\t<meta name=\"twitter:data2\" content=\"1 minute\" \/>\n<!-- \/ Yoast SEO plugin. -->","yoast_head_json":{"title":"Recruter \u00e0 l'international : Ce qui change depuis la crise","description":"Depuis le d\u00e9but de la crise, les entreprises ont du s'adapter pour recruter \u00e0 l'international. Avec le t\u00e9l\u00e9travail, les carri\u00e8res internationales \u00e9voluent.","robots":{"index":"index","follow":"follow","max-snippet":"max-snippet:-1","max-image-preview":"max-image-preview:large","max-video-preview":"max-video-preview:-1"},"canonical":"https:\/\/www.approachpeople.com\/fr\/recruter-a-linternational-ce-qui-change-depuis-la-crise","og_locale":"fr_FR","og_type":"article","og_title":"Recruter \u00e0 l'international : Ce qui change depuis la crise","og_description":"Depuis le d\u00e9but de la crise, les entreprises ont du s'adapter pour recruter \u00e0 l'international. Avec le t\u00e9l\u00e9travail, les carri\u00e8res internationales \u00e9voluent.","og_url":"https:\/\/www.approachpeople.com\/fr\/recruter-a-linternational-ce-qui-change-depuis-la-crise","og_site_name":"Approach People Recruitment","article_published_time":"2021-04-02T13:44:19+00:00","article_modified_time":"2025-03-10T14:16:42+00:00","og_image":[{"width":2560,"height":1702,"url":"https:\/\/www.approachpeople.com\/wp-content\/uploads\/2022\/02\/saulo-mohana-wNz7_5EvUWU-unsplash-copie-scaled.jpg","type":"image\/jpeg"}],"author":"seo.fr","twitter_card":"summary_large_image","twitter_misc":{"\u00c9crit par":"seo.fr","Dur\u00e9e de lecture estim\u00e9e":"1 minute"},"schema":{"@context":"https:\/\/schema.org","@graph":[{"@type":"Article","@id":"https:\/\/www.approachpeople.com\/fr\/recruter-a-linternational-ce-qui-change-depuis-la-crise#article","isPartOf":{"@id":"https:\/\/www.approachpeople.com\/fr\/recruter-a-linternational-ce-qui-change-depuis-la-crise"},"author":{"name":"seo.fr","@id":"https:\/\/www.approachpeople.com\/#\/schema\/person\/46d54b51f382c69ebc072e19ab6ac4f0"},"headline":"Recruter \u00e0 l&rsquo;international : Ce qui change depuis la crise","datePublished":"2021-04-02T13:44:19+00:00","dateModified":"2025-03-10T14:16:42+00:00","mainEntityOfPage":{"@id":"https:\/\/www.approachpeople.com\/fr\/recruter-a-linternational-ce-qui-change-depuis-la-crise"},"wordCount":211,"image":{"@id":"https:\/\/www.approachpeople.com\/fr\/recruter-a-linternational-ce-qui-change-depuis-la-crise#primaryimage"},"thumbnailUrl":"https:\/\/www.approachpeople.com\/wp-content\/uploads\/2022\/02\/saulo-mohana-wNz7_5EvUWU-unsplash-copie-scaled.jpg","articleSection":["Actualit\u00e9s","Tendances du march\u00e9"],"inLanguage":"fr-FR"},{"@type":"WebPage","@id":"https:\/\/www.approachpeople.com\/fr\/recruter-a-linternational-ce-qui-change-depuis-la-crise","url":"https:\/\/www.approachpeople.com\/fr\/recruter-a-linternational-ce-qui-change-depuis-la-crise","name":"Recruter \u00e0 l'international : Ce qui change depuis la crise","isPartOf":{"@id":"https:\/\/www.approachpeople.com\/#website"},"primaryImageOfPage":{"@id":"https:\/\/www.approachpeople.com\/fr\/recruter-a-linternational-ce-qui-change-depuis-la-crise#primaryimage"},"image":{"@id":"https:\/\/www.approachpeople.com\/fr\/recruter-a-linternational-ce-qui-change-depuis-la-crise#primaryimage"},"thumbnailUrl":"https:\/\/www.approachpeople.com\/wp-content\/uploads\/2022\/02\/saulo-mohana-wNz7_5EvUWU-unsplash-copie-scaled.jpg","datePublished":"2021-04-02T13:44:19+00:00","dateModified":"2025-03-10T14:16:42+00:00","author":{"@id":"https:\/\/www.approachpeople.com\/#\/schema\/person\/46d54b51f382c69ebc072e19ab6ac4f0"},"description":"Depuis le d\u00e9but de la crise, les entreprises ont du s'adapter pour recruter \u00e0 l'international. Avec le t\u00e9l\u00e9travail, les carri\u00e8res internationales \u00e9voluent.","breadcrumb":{"@id":"https:\/\/www.approachpeople.com\/fr\/recruter-a-linternational-ce-qui-change-depuis-la-crise#breadcrumb"},"inLanguage":"fr-FR","potentialAction":[{"@type":"ReadAction","target":["https:\/\/www.approachpeople.com\/fr\/recruter-a-linternational-ce-qui-change-depuis-la-crise"]}]},{"@type":"ImageObject","inLanguage":"fr-FR","@id":"https:\/\/www.approachpeople.com\/fr\/recruter-a-linternational-ce-qui-change-depuis-la-crise#primaryimage","url":"https:\/\/www.approachpeople.com\/wp-content\/uploads\/2022\/02\/saulo-mohana-wNz7_5EvUWU-unsplash-copie-scaled.jpg","contentUrl":"https:\/\/www.approachpeople.com\/wp-content\/uploads\/2022\/02\/saulo-mohana-wNz7_5EvUWU-unsplash-copie-scaled.jpg","width":2560,"height":1702},{"@type":"BreadcrumbList","@id":"https:\/\/www.approachpeople.com\/fr\/recruter-a-linternational-ce-qui-change-depuis-la-crise#breadcrumb","itemListElement":[{"@type":"ListItem","position":1,"name":"Home","item":"https:\/\/www.approachpeople.com\/fr"},{"@type":"ListItem","position":2,"name":"Recruter \u00e0 l&rsquo;international : Ce qui change depuis la crise"}]},{"@type":"WebSite","@id":"https:\/\/www.approachpeople.com\/#website","url":"https:\/\/www.approachpeople.com\/","name":"Approach People Recruitment","description":"","potentialAction":[{"@type":"SearchAction","target":{"@type":"EntryPoint","urlTemplate":"https:\/\/www.approachpeople.com\/?s={search_term_string}"},"query-input":{"@type":"PropertyValueSpecification","valueRequired":true,"valueName":"search_term_string"}}],"inLanguage":"fr-FR"},{"@type":"Person","@id":"https:\/\/www.approachpeople.com\/#\/schema\/person\/46d54b51f382c69ebc072e19ab6ac4f0","name":"seo.fr","image":{"@type":"ImageObject","inLanguage":"fr-FR","@id":"https:\/\/secure.gravatar.com\/avatar\/ef175820d2b9ade6e810e338b9dcdbf899e95cdf36c2d58b85080c78f0a326ec?s=96&d=mm&r=g","url":"https:\/\/secure.gravatar.com\/avatar\/ef175820d2b9ade6e810e338b9dcdbf899e95cdf36c2d58b85080c78f0a326ec?s=96&d=mm&r=g","contentUrl":"https:\/\/secure.gravatar.com\/avatar\/ef175820d2b9ade6e810e338b9dcdbf899e95cdf36c2d58b85080c78f0a326ec?s=96&d=mm&r=g","caption":"seo.fr"},"sameAs":["https:\/\/www.approachpeople.com"]}]}},"_links":{"self":[{"href":"https:\/\/www.approachpeople.com\/fr\/wp-json\/wp\/v2\/posts\/3571","targetHints":{"allow":["GET"]}}],"collection":[{"href":"https:\/\/www.approachpeople.com\/fr\/wp-json\/wp\/v2\/posts"}],"about":[{"href":"https:\/\/www.approachpeople.com\/fr\/wp-json\/wp\/v2\/types\/post"}],"author":[{"embeddable":true,"href":"https:\/\/www.approachpeople.com\/fr\/wp-json\/wp\/v2\/users\/1"}],"replies":[{"embeddable":true,"href":"https:\/\/www.approachpeople.com\/fr\/wp-json\/wp\/v2\/comments?post=3571"}],"version-history":[{"count":0,"href":"https:\/\/www.approachpeople.com\/fr\/wp-json\/wp\/v2\/posts\/3571\/revisions"}],"wp:featuredmedia":[{"embeddable":true,"href":"https:\/\/www.approachpeople.com\/fr\/wp-json\/wp\/v2\/media\/3573"}],"wp:attachment":[{"href":"https:\/\/www.approachpeople.com\/fr\/wp-json\/wp\/v2\/media?parent=3571"}],"wp:term":[{"taxonomy":"category","embeddable":true,"href":"https:\/\/www.approachpeople.com\/fr\/wp-json\/wp\/v2\/categories?post=3571"},{"taxonomy":"post_tag","embeddable":true,"href":"https:\/\/www.approachpeople.com\/fr\/wp-json\/wp\/v2\/tags?post=3571"}],"curies":[{"name":"wp","href":"https:\/\/api.w.org\/{rel}","templated":true}]}}