{"id":3547,"date":"2021-07-09T15:34:28","date_gmt":"2021-07-09T13:34:28","guid":{"rendered":"https:\/\/www.approachpeople.com?p=3547"},"modified":"2025-03-10T15:16:42","modified_gmt":"2025-03-10T14:16:42","slug":"travailler-a-linternational-interview-radio-stereochic","status":"publish","type":"post","link":"https:\/\/www.approachpeople.com\/fr\/travailler-a-linternational-interview-radio-stereochic","title":{"rendered":"Travailler \u00e0 l&rsquo;international &#8211; Interview Radio Stereochic"},"content":{"rendered":"<div class=\"wpb-content-wrapper\"><p>[vc_row css=\u00a0\u00bb.vc_custom_1645632411977{padding-bottom: 60px !important;}\u00a0\u00bb][vc_column][vc_column_text]<\/p>\n<p>Cette semaine, <a href=\"https:\/\/www.linkedin.com\/in\/charles-van-de-voorde\/\" target=\"_blank\" rel=\"noreferrer noopener\">Charles Van de Voorde<\/a> Responsable Marketing &amp; Communications du<strong> cabinet de recrutement international Approach People Recruitment<\/strong> \u00e9tait sur St\u00e9r\u00e9ochic, la radio des fran\u00e7ais dans le monde.<br \/>Pr\u00e9sentation du cabinet, conseils d&rsquo;entretiens, travailler \u00e0 l&rsquo;international, VIE&#8230; L&rsquo;interview de Gauthier Seys permet aux candidats \u00e0 l&rsquo;expatriation de se projeter !<\/p>\n<p>L&rsquo;interview est \u00e0 retrouver en podcast ci-dessous et sur le site <a href=\"https:\/\/www.stereochic.fr\/\" target=\"_blank\" rel=\"noreferrer noopener\">stereochic.fr<\/a><\/p>\n<p>[\/vc_column_text][\/vc_column][\/vc_row][vc_row][vc_column][vc_column_text]<\/p>\n<figure class=\"wp-block-audio\"><audio src=\"https:\/\/www.approachpeople.com\/wp-content\/uploads\/2022\/02\/Ux5S2Ktf52PW7GKsHjcQH77Way326uNBVF6Scbww.mp3\" controls=\"controls\"><\/audio><figcaption>Gauthier Seys &amp; Charles Van de Voorde &#8211; Stereochic Expat&rsquo;Pratique 08\/07\/2021<\/figcaption><\/figure>\n<p>[\/vc_column_text][\/vc_column][\/vc_row][vc_row equal_height=\u00a0\u00bbyes\u00a0\u00bb][vc_column width=\u00a0\u00bb1\/2&Prime;][vc_single_image image=\u00a0\u00bb3964&Prime; img_size=\u00a0\u00bb540&#215;200&Prime; alignment=\u00a0\u00bbcenter\u00a0\u00bb style=\u00a0\u00bbvc_box_rounded\u00a0\u00bb][\/vc_column][vc_column width=\u00a0\u00bb1\/2&Prime;][vc_single_image image=\u00a0\u00bb3966&Prime; img_size=\u00a0\u00bb540&#215;200&Prime; alignment=\u00a0\u00bbcenter\u00a0\u00bb style=\u00a0\u00bbvc_box_rounded\u00a0\u00bb][\/vc_column][\/vc_row]<\/p>\n<\/div>","protected":false},"excerpt":{"rendered":"<p>[vc_row css=\u00a0\u00bb.vc_custom_1645632411977{padding-bottom: 60px !important;}\u00a0\u00bb][vc_column][vc_column_text] Cette semaine, Charles Van de Voorde Responsable Marketing &amp; Communications du&#8230;<\/p>\n","protected":false},"author":1,"featured_media":3551,"comment_status":"closed","ping_status":"open","sticky":false,"template":"","format":"standard","meta":{"footnotes":""},"categories":[19,219,220],"tags":[],"class_list":["post-3547","post","type-post","status-publish","format-standard","has-post-thumbnail","hentry","category-actualites","category-tendances-du-marche","category-travailler-a-letranger"],"yoast_head":"<!-- This site is optimized with the Yoast SEO plugin v27.5 - https:\/\/yoast.com\/product\/yoast-seo-wordpress\/ -->\n<title>Travailler \u00e0 l&#039;international - Interview Radio Stereochic<\/title>\n<meta name=\"description\" content=\"Cette semaine, nous \u00e9tions interviewer pour pr\u00e9senter notre cabinet et partager des conseils pour travailler \u00e0 l&#039;international.\" \/>\n<meta name=\"robots\" content=\"index, follow, max-snippet:-1, max-image-preview:large, max-video-preview:-1\" \/>\n<link rel=\"canonical\" href=\"https:\/\/www.approachpeople.com\/fr\/travailler-a-linternational-interview-radio-stereochic\" \/>\n<meta property=\"og:locale\" content=\"fr_FR\" \/>\n<meta property=\"og:type\" content=\"article\" \/>\n<meta property=\"og:title\" content=\"Travailler \u00e0 l&#039;international - Interview Radio Stereochic\" \/>\n<meta property=\"og:description\" content=\"Cette semaine, nous \u00e9tions interviewer pour pr\u00e9senter notre cabinet et partager des conseils pour travailler \u00e0 l&#039;international.\" \/>\n<meta property=\"og:url\" content=\"https:\/\/www.approachpeople.com\/fr\/travailler-a-linternational-interview-radio-stereochic\" \/>\n<meta property=\"og:site_name\" content=\"Approach People Recruitment\" \/>\n<meta property=\"article:published_time\" content=\"2021-07-09T13:34:28+00:00\" \/>\n<meta property=\"article:modified_time\" content=\"2025-03-10T14:16:42+00:00\" \/>\n<meta property=\"og:image\" content=\"https:\/\/www.approachpeople.com\/wp-content\/uploads\/2022\/02\/stereochic-fondecrangrand-00888ce2a2f34170919722625d0fbca8_sb900x507_bb0x0x900x450.png\" \/>\n\t<meta property=\"og:image:width\" content=\"900\" \/>\n\t<meta property=\"og:image:height\" content=\"450\" \/>\n\t<meta property=\"og:image:type\" content=\"image\/png\" \/>\n<meta name=\"author\" content=\"seo.fr\" \/>\n<meta name=\"twitter:card\" content=\"summary_large_image\" \/>\n<meta name=\"twitter:label1\" content=\"\u00c9crit par\" \/>\n\t<meta name=\"twitter:data1\" content=\"seo.fr\" \/>\n\t<meta name=\"twitter:label2\" content=\"Dur\u00e9e de lecture estim\u00e9e\" \/>\n\t<meta name=\"twitter:data2\" content=\"1 minute\" \/>\n<!-- \/ Yoast SEO plugin. -->","yoast_head_json":{"title":"Travailler \u00e0 l'international - Interview Radio Stereochic","description":"Cette semaine, nous \u00e9tions interviewer pour pr\u00e9senter notre cabinet et partager des conseils pour travailler \u00e0 l'international.","robots":{"index":"index","follow":"follow","max-snippet":"max-snippet:-1","max-image-preview":"max-image-preview:large","max-video-preview":"max-video-preview:-1"},"canonical":"https:\/\/www.approachpeople.com\/fr\/travailler-a-linternational-interview-radio-stereochic","og_locale":"fr_FR","og_type":"article","og_title":"Travailler \u00e0 l'international - Interview Radio Stereochic","og_description":"Cette semaine, nous \u00e9tions interviewer pour pr\u00e9senter notre cabinet et partager des conseils pour travailler \u00e0 l'international.","og_url":"https:\/\/www.approachpeople.com\/fr\/travailler-a-linternational-interview-radio-stereochic","og_site_name":"Approach People Recruitment","article_published_time":"2021-07-09T13:34:28+00:00","article_modified_time":"2025-03-10T14:16:42+00:00","og_image":[{"width":900,"height":450,"url":"https:\/\/www.approachpeople.com\/wp-content\/uploads\/2022\/02\/stereochic-fondecrangrand-00888ce2a2f34170919722625d0fbca8_sb900x507_bb0x0x900x450.png","type":"image\/png"}],"author":"seo.fr","twitter_card":"summary_large_image","twitter_misc":{"\u00c9crit par":"seo.fr","Dur\u00e9e de lecture estim\u00e9e":"1 minute"},"schema":{"@context":"https:\/\/schema.org","@graph":[{"@type":"Article","@id":"https:\/\/www.approachpeople.com\/fr\/travailler-a-linternational-interview-radio-stereochic#article","isPartOf":{"@id":"https:\/\/www.approachpeople.com\/fr\/travailler-a-linternational-interview-radio-stereochic"},"author":{"name":"seo.fr","@id":"https:\/\/www.approachpeople.com\/#\/schema\/person\/46d54b51f382c69ebc072e19ab6ac4f0"},"headline":"Travailler \u00e0 l&rsquo;international &#8211; Interview Radio Stereochic","datePublished":"2021-07-09T13:34:28+00:00","dateModified":"2025-03-10T14:16:42+00:00","mainEntityOfPage":{"@id":"https:\/\/www.approachpeople.com\/fr\/travailler-a-linternational-interview-radio-stereochic"},"wordCount":163,"image":{"@id":"https:\/\/www.approachpeople.com\/fr\/travailler-a-linternational-interview-radio-stereochic#primaryimage"},"thumbnailUrl":"https:\/\/www.approachpeople.com\/wp-content\/uploads\/2022\/02\/stereochic-fondecrangrand-00888ce2a2f34170919722625d0fbca8_sb900x507_bb0x0x900x450.png","articleSection":["Actualit\u00e9s","Tendances du march\u00e9","Travailler \u00e0 l'\u00e9tranger"],"inLanguage":"fr-FR"},{"@type":"WebPage","@id":"https:\/\/www.approachpeople.com\/fr\/travailler-a-linternational-interview-radio-stereochic","url":"https:\/\/www.approachpeople.com\/fr\/travailler-a-linternational-interview-radio-stereochic","name":"Travailler \u00e0 l'international - Interview Radio Stereochic","isPartOf":{"@id":"https:\/\/www.approachpeople.com\/#website"},"primaryImageOfPage":{"@id":"https:\/\/www.approachpeople.com\/fr\/travailler-a-linternational-interview-radio-stereochic#primaryimage"},"image":{"@id":"https:\/\/www.approachpeople.com\/fr\/travailler-a-linternational-interview-radio-stereochic#primaryimage"},"thumbnailUrl":"https:\/\/www.approachpeople.com\/wp-content\/uploads\/2022\/02\/stereochic-fondecrangrand-00888ce2a2f34170919722625d0fbca8_sb900x507_bb0x0x900x450.png","datePublished":"2021-07-09T13:34:28+00:00","dateModified":"2025-03-10T14:16:42+00:00","author":{"@id":"https:\/\/www.approachpeople.com\/#\/schema\/person\/46d54b51f382c69ebc072e19ab6ac4f0"},"description":"Cette semaine, nous \u00e9tions interviewer pour pr\u00e9senter notre cabinet et partager des conseils pour travailler \u00e0 l'international.","breadcrumb":{"@id":"https:\/\/www.approachpeople.com\/fr\/travailler-a-linternational-interview-radio-stereochic#breadcrumb"},"inLanguage":"fr-FR","potentialAction":[{"@type":"ReadAction","target":["https:\/\/www.approachpeople.com\/fr\/travailler-a-linternational-interview-radio-stereochic"]}]},{"@type":"ImageObject","inLanguage":"fr-FR","@id":"https:\/\/www.approachpeople.com\/fr\/travailler-a-linternational-interview-radio-stereochic#primaryimage","url":"https:\/\/www.approachpeople.com\/wp-content\/uploads\/2022\/02\/stereochic-fondecrangrand-00888ce2a2f34170919722625d0fbca8_sb900x507_bb0x0x900x450.png","contentUrl":"https:\/\/www.approachpeople.com\/wp-content\/uploads\/2022\/02\/stereochic-fondecrangrand-00888ce2a2f34170919722625d0fbca8_sb900x507_bb0x0x900x450.png","width":900,"height":450},{"@type":"BreadcrumbList","@id":"https:\/\/www.approachpeople.com\/fr\/travailler-a-linternational-interview-radio-stereochic#breadcrumb","itemListElement":[{"@type":"ListItem","position":1,"name":"Home","item":"https:\/\/www.approachpeople.com\/fr"},{"@type":"ListItem","position":2,"name":"Travailler \u00e0 l&rsquo;international &#8211; Interview Radio Stereochic"}]},{"@type":"WebSite","@id":"https:\/\/www.approachpeople.com\/#website","url":"https:\/\/www.approachpeople.com\/","name":"Approach People Recruitment","description":"","potentialAction":[{"@type":"SearchAction","target":{"@type":"EntryPoint","urlTemplate":"https:\/\/www.approachpeople.com\/?s={search_term_string}"},"query-input":{"@type":"PropertyValueSpecification","valueRequired":true,"valueName":"search_term_string"}}],"inLanguage":"fr-FR"},{"@type":"Person","@id":"https:\/\/www.approachpeople.com\/#\/schema\/person\/46d54b51f382c69ebc072e19ab6ac4f0","name":"seo.fr","image":{"@type":"ImageObject","inLanguage":"fr-FR","@id":"https:\/\/secure.gravatar.com\/avatar\/ef175820d2b9ade6e810e338b9dcdbf899e95cdf36c2d58b85080c78f0a326ec?s=96&d=mm&r=g","url":"https:\/\/secure.gravatar.com\/avatar\/ef175820d2b9ade6e810e338b9dcdbf899e95cdf36c2d58b85080c78f0a326ec?s=96&d=mm&r=g","contentUrl":"https:\/\/secure.gravatar.com\/avatar\/ef175820d2b9ade6e810e338b9dcdbf899e95cdf36c2d58b85080c78f0a326ec?s=96&d=mm&r=g","caption":"seo.fr"},"sameAs":["https:\/\/www.approachpeople.com"]}]}},"_links":{"self":[{"href":"https:\/\/www.approachpeople.com\/fr\/wp-json\/wp\/v2\/posts\/3547","targetHints":{"allow":["GET"]}}],"collection":[{"href":"https:\/\/www.approachpeople.com\/fr\/wp-json\/wp\/v2\/posts"}],"about":[{"href":"https:\/\/www.approachpeople.com\/fr\/wp-json\/wp\/v2\/types\/post"}],"author":[{"embeddable":true,"href":"https:\/\/www.approachpeople.com\/fr\/wp-json\/wp\/v2\/users\/1"}],"replies":[{"embeddable":true,"href":"https:\/\/www.approachpeople.com\/fr\/wp-json\/wp\/v2\/comments?post=3547"}],"version-history":[{"count":0,"href":"https:\/\/www.approachpeople.com\/fr\/wp-json\/wp\/v2\/posts\/3547\/revisions"}],"wp:featuredmedia":[{"embeddable":true,"href":"https:\/\/www.approachpeople.com\/fr\/wp-json\/wp\/v2\/media\/3551"}],"wp:attachment":[{"href":"https:\/\/www.approachpeople.com\/fr\/wp-json\/wp\/v2\/media?parent=3547"}],"wp:term":[{"taxonomy":"category","embeddable":true,"href":"https:\/\/www.approachpeople.com\/fr\/wp-json\/wp\/v2\/categories?post=3547"},{"taxonomy":"post_tag","embeddable":true,"href":"https:\/\/www.approachpeople.com\/fr\/wp-json\/wp\/v2\/tags?post=3547"}],"curies":[{"name":"wp","href":"https:\/\/api.w.org\/{rel}","templated":true}]}}