{"id":66425,"date":"2025-07-06T09:38:11","date_gmt":"2025-07-06T07:38:11","guid":{"rendered":"https:\/\/www.approachpeople.com\/?p=66425"},"modified":"2025-08-05T10:31:29","modified_gmt":"2025-08-05T08:31:29","slug":"tendencias-mercado-laboral-energias-renovables","status":"publish","type":"post","link":"https:\/\/www.approachpeople.com\/es\/tendencias-mercado-laboral-energias-renovables","title":{"rendered":"Las tendencias actuales del mercado laboral en las energ\u00edas renovables"},"content":{"rendered":"<div class=\"wpb-content-wrapper\"><p>[vc_row css=\u00bb.vc_custom_1643121405617{padding-bottom: 30px !important;}\u00bb][vc_column][vc_column_text css=\u00bb\u00bb]<span style=\"font-weight: 400;\">El sector de las energ\u00edas renovables experimenta una expansi\u00f3n notable con 16,2 millones de empleos en 2023 seg\u00fan la IRENA, lo que supone un aumento de 2,5 millones en comparaci\u00f3n con 2022. Este crecimiento refleja la transici\u00f3n energ\u00e9tica mundial y el considerable potencial econ\u00f3mico de este sector de futuro.<\/span>[\/vc_column_text][\/vc_column][\/vc_row][vc_section full_width=\u00bbstretch_row\u00bb css=\u00bb.vc_custom_1750248562103{margin-bottom: 30px !important;padding-top: 30px !important;padding-bottom: 30px !important;background-color: #f2f2f2 !important;}\u00bb][vc_row][vc_column][vc_custom_heading text=\u00bbEl crecimiento del empleo en las energ\u00edas renovables<br \/>\n\u00bb css=\u00bb\u00bb][vc_column_text css=\u00bb\u00bb]<span style=\"font-weight: 400;\">El sector de las energ\u00edas renovables experimenta una expansi\u00f3n notable en la creaci\u00f3n de puestos de trabajo, confirmando su estatus como un motor econ\u00f3mico importante de la transici\u00f3n energ\u00e9tica mundial. Esta din\u00e1mica positiva se apoya en inversiones masivas y en una aceleraci\u00f3n de las instalaciones de capacidad de producci\u00f3n limpia.<\/span><\/p>\n<h3><b>Un crecimiento hist\u00f3rico confirmado por los datos de IRENA<\/b><\/h3>\n<p><span style=\"font-weight: 400;\">Seg\u00fan el informe conjunto de la Agencia Internacional de las Energ\u00edas Renovables (IRENA) y de la Organizaci\u00f3n Internacional del Trabajo (OIT), el a\u00f1o 2023 marc\u00f3 un punto de inflexi\u00f3n decisivo con 16,2 millones de empleos registrados en el sector, frente a 13,7 millones en 2022. Este aumento del 18% en un a\u00f1o representa el mayor incremento jam\u00e1s registrado, con 2,5 millones de nuevos puestos creados.<\/span><\/p>\n<h3><b>Repartici\u00f3n geogr\u00e1fica y sectores dominantes<\/b><\/h3>\n<p><span style=\"font-weight: 400;\">China se impone como el l\u00edder indiscutible con 7,4 millones de empleos (46% del total mundial), seguida por la Uni\u00f3n Europea (1,8 millones), Brasil (1,56 millones), Estados Unidos e India (aproximadamente 1 mill\u00f3n cada uno). La energ\u00eda solar fotovoltaica sigue siendo el sector m\u00e1s din\u00e1mico, concentrando m\u00e1s del 63% de su personal en China, mientras que la e\u00f3lica mantiene su crecimiento con una repartici\u00f3n m\u00e1s equilibrada entre China (52%) y Europa (21%).<\/span>[\/vc_column_text][\/vc_column][\/vc_row][\/vc_section][vc_row css=\u00bb.vc_custom_1643121419727{padding-bottom: 30px !important;}\u00bb][vc_column][vc_custom_heading text=\u00bbLas perspectivas del empleo verde en Francia<br \/>\n\u00bb css=\u00bb\u00bb][vc_column_text css=\u00bb\u00bb]<img loading=\"lazy\" decoding=\"async\" class=\"wp-image-64896 alignleft\" src=\"https:\/\/www.approachpeople.com\/wp-content\/uploads\/2025\/07\/Eoliennes-300x200.webp\" alt=\"Eoliennes\" width=\"500\" height=\"333\" srcset=\"https:\/\/www.approachpeople.com\/wp-content\/uploads\/2025\/07\/Eoliennes-300x200.webp 300w, https:\/\/www.approachpeople.com\/wp-content\/uploads\/2025\/07\/Eoliennes-1024x683.webp 1024w\" sizes=\"auto, (max-width: 500px) 100vw, 500px\" \/><\/p>\n<p><span style=\"font-weight: 400;\">El futuro del empleo verde en Francia se presenta con perspectivas especialmente alentadoras, respaldadas por previsiones ambiciosas e iniciativas territoriales estructurantes.<\/span><\/p>\n<h3><b>Proyecciones nacionales: hacia 236.000 empleos en 2028<\/b><\/h3>\n<p><span style=\"font-weight: 400;\">Seg\u00fan el estudio realizado por el Sindicato de las Energ\u00edas Renovables (SER), el conjunto de las energ\u00edas renovables podr\u00eda representar m\u00e1s de 236.000 empleos en 2028 en Francia. Esta proyecci\u00f3n demuestra el dinamismo econ\u00f3mico generado por el desarrollo de las filiales verdes en el territorio nacional. Las cifras de negocios anuales acumuladas para la e\u00f3lica y la solar superan los 14 mil millones de euros en 2022 y no dejan de aumentar, confirmando la solidez econ\u00f3mica del sector.<\/span><\/p>\n<h3><b>La energ\u00eda e\u00f3lica y solar: motores del empleo verde<\/b><\/h3>\n<p><span style=\"font-weight: 400;\">De aqu\u00ed a 2035, la energ\u00eda e\u00f3lica y la solar fotovoltaica podr\u00edan representar en Francia m\u00e1s de 100.000 empleos por s\u00ed solas. Estas ramas contribuyen activamente a la descarbonizaci\u00f3n y a la reindustrializaci\u00f3n francesa, creando oportunidades de empleos cualificados en todo el territorio.<\/span><\/p>\n<h3><b>Din\u00e1micas regionales: el ejemplo normando<\/b><\/h3>\n<p><span style=\"font-weight: 400;\">Normand\u00eda ilustra perfectamente esta din\u00e1mica territorial apostando por las energ\u00edas renovables y los transportes descarbonizados. Esta estrategia regional demuestra c\u00f3mo los territorios se apropian de la transici\u00f3n energ\u00e9tica para crear valor a\u00f1adido local y empleos sostenibles.<\/span>[\/vc_column_text][\/vc_column][\/vc_row][vc_section full_width=\u00bbstretch_row\u00bb css=\u00bb.vc_custom_1750248562103{margin-bottom: 30px !important;padding-top: 30px !important;padding-bottom: 30px !important;background-color: #f2f2f2 !important;}\u00bb][vc_row css=\u00bb.vc_custom_1643121434082{padding-bottom: 30px !important;}\u00bb][vc_column][vc_custom_heading text=\u00bbEvoluci\u00f3n de las competencias y formaciones en el sector energ\u00e9tico<br \/>\n\u00bb css=\u00bb\u00bb][vc_column_text css=\u00bb\u00bb]<span style=\"font-weight: 400;\">La transformaci\u00f3n del sector energ\u00e9tico hacia las energ\u00edas renovables genera necesidades sin precedentes en materia de competencias especializadas. Seg\u00fan la ADEME, esta transici\u00f3n requerir\u00e1 la creaci\u00f3n de 400.000 nuevos empleos para 2030, mientras se suprimir\u00e1n 250.000 puestos en los sectores tradicionales. Esta profunda mutaci\u00f3n plantea cuestiones importantes sobre la adaptaci\u00f3n de los programas de formaci\u00f3n y el desarrollo de las competencias t\u00e9cnicas.<\/span><\/p>\n<h3><b>Las lagunas actuales en la formaci\u00f3n t\u00e9cnica<\/b><\/h3>\n<p><span style=\"font-weight: 400;\">El sector enfrenta un desaf\u00edo importante: la desalineaci\u00f3n entre las competencias disponibles y las necesidades reales del mercado. Las formaciones tradicionales en ingenier\u00eda no cubren suficientemente las especificidades de las tecnolog\u00edas renovables. Esta situaci\u00f3n crea tensiones particularmente marcadas para los puestos de t\u00e9cnicos de mantenimiento e\u00f3lico e ingenieros especializados en almacenamiento de energ\u00eda.<\/span><\/p>\n<h3><b>Estrategias para el fortalecimiento de competencias<\/b><\/h3>\n<p><span style=\"font-weight: 400;\">Las empresas desarrollan programas de formaci\u00f3n a medida para paliar estas carencias. EDF Renovables, por ejemplo, ofrece trayectorias especializadas para sus t\u00e9cnicos e ingenieros. Estas iniciativas incluyen:<\/span><\/p>\n<ul>\n<li style=\"font-weight: 400;\" aria-level=\"1\"><span style=\"font-weight: 400;\">Formaciones certificadas en colaboraci\u00f3n con escuelas de ingenier\u00eda<\/span><\/li>\n<li style=\"font-weight: 400;\" aria-level=\"1\"><span style=\"font-weight: 400;\">Programas de aprendizaje en alternancia<\/span><\/li>\n<li style=\"font-weight: 400;\" aria-level=\"1\"><span style=\"font-weight: 400;\">Reconversi\u00f3n profesional desde los sectores tradicionales<\/span><\/li>\n<li style=\"font-weight: 400;\" aria-level=\"1\"><span style=\"font-weight: 400;\">Formaci\u00f3n continua sobre nuevas tecnolog\u00edas de almacenamiento<\/span><\/li>\n<\/ul>\n<p><span style=\"font-weight: 400;\">Esta din\u00e1mica de formaci\u00f3n representa una inversi\u00f3n estrat\u00e9gica para asegurar el futuro del sector y responder a las ambiciones nacionales de transici\u00f3n energ\u00e9tica.<\/span>[\/vc_column_text][\/vc_column][\/vc_row][\/vc_section][vc_row css=\u00bb.vc_custom_1643121439838{padding-bottom: 30px !important;}\u00bb][vc_column][vc_custom_heading text=\u00bbLos desaf\u00edos del reclutamiento en los oficios de la energ\u00eda<br \/>\n\u00bb css=\u00bb\u00bb][vc_column_text css=\u00bb\u00bb]<img loading=\"lazy\" decoding=\"async\" class=\"wp-image-64900 alignright\" src=\"https:\/\/www.approachpeople.com\/wp-content\/uploads\/2025\/07\/Pose-de-panneaux-solaires-300x200.webp\" alt=\"Pose de panneaux solaires\" width=\"500\" height=\"333\" srcset=\"https:\/\/www.approachpeople.com\/wp-content\/uploads\/2025\/07\/Pose-de-panneaux-solaires-300x200.webp 300w, https:\/\/www.approachpeople.com\/wp-content\/uploads\/2025\/07\/Pose-de-panneaux-solaires-1024x684.webp 1024w\" sizes=\"auto, (max-width: 500px) 100vw, 500px\" \/><\/p>\n<p><span style=\"font-weight: 400;\">El sector de las energ\u00edas renovables enfrenta crecientes tensiones en el reclutamiento a pesar de su atractivo entre las generaciones j\u00f3venes. De hecho, los oficios de explotaci\u00f3n y mantenimiento presentan las mayores dificultades de b\u00fasqueda, particularmente para los puestos de t\u00e9cnicos de mantenimiento que requieren perfiles con estudios de nivel T\u00e9cnico Superior\/Grado universitario.<\/span><\/p>\n<h3><b>La atractivo del sector<\/b><\/h3>\n<p><span style=\"font-weight: 400;\">Las energ\u00edas renovables gozan de una imagen positiva entre los talentos, respondiendo a las aspiraciones ecol\u00f3gicas de las nuevas generaciones. EDF Renovables contrata entre 200 y 300 personas con contrato indefinido anualmente en Francia, principalmente en dos \u00e1reas: los puestos de desarrollo de proyectos e ingenier\u00eda (perfiles con t\u00edtulo de posgrado, M\u00e1ster) y las funciones t\u00e9cnicas de explotaci\u00f3n y mantenimiento.<\/span><\/p>\n<h3><b>Los desaf\u00edos del reclutamiento<\/b><\/h3>\n<p><span style=\"font-weight: 400;\">El sector de las energ\u00edas renovables enfrenta una escasez de perfiles t\u00e9cnicos, en particular para los puestos de t\u00e9cnicos de mantenimiento, necesarios para la explotaci\u00f3n de las infraestructuras. La competencia entre empleadores es fuerte, especialmente en las zonas geogr\u00e1ficas alejadas de los grandes centros de empleo, donde se encuentran numerosas instalaciones.<\/span><\/p>\n<p><span style=\"font-weight: 400;\">Estas tensiones reflejan parad\u00f3jicamente la vitalidad de un sector que deber\u00eda generar 400.000 nuevos empleos para 2030, requiriendo una adaptaci\u00f3n r\u00e1pida de las estrategias de reclutamiento para acompa\u00f1ar este crecimiento excepcional.<\/span><\/p>\n<h3><b>Estrategias de retenci\u00f3n y atracci\u00f3n de talentos<\/b><\/h3>\n<p><span style=\"font-weight: 400;\">Para responder a estas tensiones, algunas empresas recurren a agencias de reclutamiento especializadas como Approach People, capaces de identificar y atraer talentos a nivel nacional y europeo. Estos socios aportan una valiosa experiencia sectorial y permiten ampliar el grupo de candidatos cualificados, complementando las estrategias internas de formaci\u00f3n y las alianzas institucionales.<\/span>[\/vc_column_text][\/vc_column][\/vc_row][vc_section full_width=\u00bbstretch_row\u00bb css=\u00bb.vc_custom_1750248634478{padding-top: 30px !important;padding-bottom: 30px !important;background-color: #f2f2f2 !important;}\u00bb][vc_row css=\u00bb.vc_custom_1643121445753{padding-bottom: 30px !important;}\u00bb][vc_column][vc_custom_heading text=\u00bbEl impacto econ\u00f3mico mundial de las energ\u00edas renovables<br \/>\n\u00bb css=\u00bb\u00bb][vc_column_text css=\u00bb\u00bb]<\/p>\n<div class=\"v-col show-left scroll-style-1 bg-white\" data-v-1aef2ffa=\"\">\n<div class=\"show-left__content\" data-v-1aef2ffa=\"\">\n<div data-v-1aef2ffa=\"\">\n<div class=\"editors-container px-3\">\n<div class=\"ProseMirror colored-titles\">\n<p><span style=\"font-weight: 400;\">La expansi\u00f3n de las energ\u00edas renovables en 2023 ha generado un impacto econ\u00f3mico mayor a escala planetaria, con la creaci\u00f3n r\u00e9cord de 2,5 millones de empleos seg\u00fan la Agencia Internacional de las Energ\u00edas Renovables (IRENA) y la Organizaci\u00f3n Internacional del Trabajo (OIT). Este crecimiento del 18% eleva el total mundial a 16,2 millones de puestos, demostrando la transformaci\u00f3n estructural del sector energ\u00e9tico.<\/span><\/p>\n<h3><b>Dominaci\u00f3n china y reestructuraci\u00f3n de las cadenas de suministro<\/b><\/h3>\n<p><span style=\"font-weight: 400;\">China se impone como el motor principal de esta expansi\u00f3n econ\u00f3mica, concentrando el 46% de los empleos mundiales del sector con 7,4 millones de puestos. El pa\u00eds ha instalado cerca de dos tercios de las nuevas capacidades solares y e\u00f3licas mundiales, generando por s\u00ed solo 1,84 millones de nuevos empleos. Esta concentraci\u00f3n modifica profundamente las cadenas de suministro mundiales, con una integraci\u00f3n vertical creciente de la fabricaci\u00f3n de equipos.<\/span><\/p>\n<h3><b>Desigualdades regionales y potencial no explotado<\/b><\/h3>\n<p><span style=\"font-weight: 400;\">A pesar de un potencial considerable, \u00c1frica contin\u00faa est\u00e1 subrepresentada con solo 324.000 empleos creados en 2023. Esta situaci\u00f3n ilustra los desaf\u00edos de inversi\u00f3n y desarrollo de infraestructuras en el continente. El objetivo ambicioso de 38,2 millones de empleos para 2030 requerir\u00e1 una redistribuci\u00f3n geogr\u00e1fica m\u00e1s equitativa de las inversiones para aprovechar plenamente el potencial mundial de las energ\u00edas renovables y fortalecer la soberan\u00eda energ\u00e9tica de numerosos pa\u00edses.<\/span><\/p>\n<\/div>\n<\/div>\n<\/div>\n<\/div>\n<\/div>\n<p>[\/vc_column_text][\/vc_column][\/vc_row][vc_row css=\u00bb.vc_custom_1643121445753{padding-bottom: 30px !important;}\u00bb][vc_column][vc_custom_heading text=\u00bbUn motor de futuro para la econom\u00eda mundial y la transici\u00f3n energ\u00e9tica<br \/>\n\u00bb css=\u00bb\u00bb][vc_column_text css=\u00bb\u00bb]<\/p>\n<div class=\"v-col show-left scroll-style-1 bg-white\" data-v-1aef2ffa=\"\">\n<div class=\"show-left__content\" data-v-1aef2ffa=\"\">\n<div data-v-1aef2ffa=\"\">\n<div class=\"editors-container px-3\">\n<div class=\"ProseMirror colored-titles\">\n<p><span style=\"font-weight: 400;\">El mercado laboral en energ\u00edas renovables experimenta un crecimiento sin precedentes, con 16,2 millones de empleos en 2023, confirmando su papel central en la transici\u00f3n energ\u00e9tica mundial y en el dinamismo econ\u00f3mico de los pa\u00edses comprometidos. Esta expansi\u00f3n, impulsada por inversiones masivas, pol\u00edticas p\u00fablicas ambiciosas y una gran demanda de competencias especializadas, posiciona a los sectores como la e\u00f3lica y la solar en el coraz\u00f3n de la reindustrializaci\u00f3n y la creaci\u00f3n de empleos cualificados. Si bien China domina ampliamente el sector, Europa y Francia muestran perspectivas s\u00f3lidas, a pesar de las persistentes tensiones en la contrataci\u00f3n. Para aprovechar plenamente este potencial, ser\u00e1 importante adaptar las formaciones, ampliar las bolsas de talento y distribuir mejor las inversiones a nivel mundial.<\/span><\/p>\n<\/div>\n<\/div>\n<\/div>\n<\/div>\n<\/div>\n<p>[\/vc_column_text][\/vc_column][\/vc_row][\/vc_section]<\/p>\n<\/div>","protected":false},"excerpt":{"rendered":"<p>[vc_row css=\u00bb.vc_custom_1643121405617{padding-bottom: 30px !important;}\u00bb][vc_column][vc_column_text css=\u00bb\u00bb]El sector de las energ\u00edas renovables experimenta una expansi\u00f3n notable con&#8230;<\/p>\n","protected":false},"author":162,"featured_media":64896,"comment_status":"closed","ping_status":"closed","sticky":false,"template":"","format":"standard","meta":{"footnotes":""},"categories":[1],"tags":[],"class_list":["post-66425","post","type-post","status-publish","format-standard","has-post-thumbnail","hentry","category-news"],"yoast_head":"<!-- This site is optimized with the Yoast SEO plugin v27.5 - https:\/\/yoast.com\/product\/yoast-seo-wordpress\/ -->\n<title>Todas las tendencias laborales en energ\u00edas renovables<\/title>\n<meta name=\"description\" content=\"Conozca la evoluci\u00f3n del empleo en las energ\u00edas renovables 2025: creaci\u00f3n de 16,2 millones de puestos de trabajo en 2023, perspectivas en Francia y retos en materia de formaci\u00f3n.\" \/>\n<meta name=\"robots\" content=\"index, follow, max-snippet:-1, max-image-preview:large, max-video-preview:-1\" \/>\n<link rel=\"canonical\" href=\"https:\/\/www.approachpeople.com\/es\/tendencias-mercado-laboral-energias-renovables\" \/>\n<meta property=\"og:locale\" content=\"es_ES\" \/>\n<meta property=\"og:type\" content=\"article\" \/>\n<meta property=\"og:title\" content=\"Todas las tendencias laborales en energ\u00edas renovables\" \/>\n<meta property=\"og:description\" content=\"Conozca la evoluci\u00f3n del empleo en las energ\u00edas renovables 2025: creaci\u00f3n de 16,2 millones de puestos de trabajo en 2023, perspectivas en Francia y retos en materia de formaci\u00f3n.\" \/>\n<meta property=\"og:url\" content=\"https:\/\/www.approachpeople.com\/es\/tendencias-mercado-laboral-energias-renovables\" \/>\n<meta property=\"og:site_name\" content=\"Approach People Recruitment\" \/>\n<meta property=\"article:published_time\" content=\"2025-07-06T07:38:11+00:00\" \/>\n<meta property=\"article:modified_time\" content=\"2025-08-05T08:31:29+00:00\" \/>\n<meta property=\"og:image\" content=\"https:\/\/www.approachpeople.com\/wp-content\/uploads\/2025\/07\/Eoliennes-scaled.webp\" \/>\n\t<meta property=\"og:image:width\" content=\"2560\" \/>\n\t<meta property=\"og:image:height\" content=\"1707\" \/>\n\t<meta property=\"og:image:type\" content=\"image\/webp\" \/>\n<meta name=\"author\" content=\"team seo\" \/>\n<meta name=\"twitter:card\" content=\"summary_large_image\" \/>\n<meta name=\"twitter:label1\" content=\"Escrito por\" \/>\n\t<meta name=\"twitter:data1\" content=\"team seo\" \/>\n\t<meta name=\"twitter:label2\" content=\"Tiempo de lectura\" \/>\n\t<meta name=\"twitter:data2\" content=\"8 minutos\" \/>\n<!-- \/ Yoast SEO plugin. -->","yoast_head_json":{"title":"Todas las tendencias laborales en energ\u00edas renovables","description":"Conozca la evoluci\u00f3n del empleo en las energ\u00edas renovables 2025: creaci\u00f3n de 16,2 millones de puestos de trabajo en 2023, perspectivas en Francia y retos en materia de formaci\u00f3n.","robots":{"index":"index","follow":"follow","max-snippet":"max-snippet:-1","max-image-preview":"max-image-preview:large","max-video-preview":"max-video-preview:-1"},"canonical":"https:\/\/www.approachpeople.com\/es\/tendencias-mercado-laboral-energias-renovables","og_locale":"es_ES","og_type":"article","og_title":"Todas las tendencias laborales en energ\u00edas renovables","og_description":"Conozca la evoluci\u00f3n del empleo en las energ\u00edas renovables 2025: creaci\u00f3n de 16,2 millones de puestos de trabajo en 2023, perspectivas en Francia y retos en materia de formaci\u00f3n.","og_url":"https:\/\/www.approachpeople.com\/es\/tendencias-mercado-laboral-energias-renovables","og_site_name":"Approach People Recruitment","article_published_time":"2025-07-06T07:38:11+00:00","article_modified_time":"2025-08-05T08:31:29+00:00","og_image":[{"width":2560,"height":1707,"url":"https:\/\/www.approachpeople.com\/wp-content\/uploads\/2025\/07\/Eoliennes-scaled.webp","type":"image\/webp"}],"author":"team seo","twitter_card":"summary_large_image","twitter_misc":{"Escrito por":"team seo","Tiempo de lectura":"8 minutos"},"schema":{"@context":"https:\/\/schema.org","@graph":[{"@type":"Article","@id":"https:\/\/www.approachpeople.com\/es\/tendencias-mercado-laboral-energias-renovables#article","isPartOf":{"@id":"https:\/\/www.approachpeople.com\/es\/tendencias-mercado-laboral-energias-renovables"},"author":{"name":"team seo","@id":"https:\/\/www.approachpeople.com\/#\/schema\/person\/2d2550d8c67dfe29d37cb237cb8cfd64"},"headline":"Las tendencias actuales del mercado laboral en las energ\u00edas renovables","datePublished":"2025-07-06T07:38:11+00:00","dateModified":"2025-08-05T08:31:29+00:00","mainEntityOfPage":{"@id":"https:\/\/www.approachpeople.com\/es\/tendencias-mercado-laboral-energias-renovables"},"wordCount":1688,"image":{"@id":"https:\/\/www.approachpeople.com\/es\/tendencias-mercado-laboral-energias-renovables#primaryimage"},"thumbnailUrl":"https:\/\/www.approachpeople.com\/wp-content\/uploads\/2025\/07\/Eoliennes-scaled.webp","articleSection":["News"],"inLanguage":"es"},{"@type":"WebPage","@id":"https:\/\/www.approachpeople.com\/es\/tendencias-mercado-laboral-energias-renovables","url":"https:\/\/www.approachpeople.com\/es\/tendencias-mercado-laboral-energias-renovables","name":"Todas las tendencias laborales en energ\u00edas renovables","isPartOf":{"@id":"https:\/\/www.approachpeople.com\/#website"},"primaryImageOfPage":{"@id":"https:\/\/www.approachpeople.com\/es\/tendencias-mercado-laboral-energias-renovables#primaryimage"},"image":{"@id":"https:\/\/www.approachpeople.com\/es\/tendencias-mercado-laboral-energias-renovables#primaryimage"},"thumbnailUrl":"https:\/\/www.approachpeople.com\/wp-content\/uploads\/2025\/07\/Eoliennes-scaled.webp","datePublished":"2025-07-06T07:38:11+00:00","dateModified":"2025-08-05T08:31:29+00:00","author":{"@id":"https:\/\/www.approachpeople.com\/#\/schema\/person\/2d2550d8c67dfe29d37cb237cb8cfd64"},"description":"Conozca la evoluci\u00f3n del empleo en las energ\u00edas renovables 2025: creaci\u00f3n de 16,2 millones de puestos de trabajo en 2023, perspectivas en Francia y retos en materia de formaci\u00f3n.","breadcrumb":{"@id":"https:\/\/www.approachpeople.com\/es\/tendencias-mercado-laboral-energias-renovables#breadcrumb"},"inLanguage":"es","potentialAction":[{"@type":"ReadAction","target":["https:\/\/www.approachpeople.com\/es\/tendencias-mercado-laboral-energias-renovables"]}]},{"@type":"ImageObject","inLanguage":"es","@id":"https:\/\/www.approachpeople.com\/es\/tendencias-mercado-laboral-energias-renovables#primaryimage","url":"https:\/\/www.approachpeople.com\/wp-content\/uploads\/2025\/07\/Eoliennes-scaled.webp","contentUrl":"https:\/\/www.approachpeople.com\/wp-content\/uploads\/2025\/07\/Eoliennes-scaled.webp","width":2560,"height":1707,"caption":"Eoliennes"},{"@type":"BreadcrumbList","@id":"https:\/\/www.approachpeople.com\/es\/tendencias-mercado-laboral-energias-renovables#breadcrumb","itemListElement":[{"@type":"ListItem","position":1,"name":"Home","item":"https:\/\/www.approachpeople.com\/es"},{"@type":"ListItem","position":2,"name":"Las tendencias actuales del mercado laboral en las energ\u00edas renovables"}]},{"@type":"WebSite","@id":"https:\/\/www.approachpeople.com\/#website","url":"https:\/\/www.approachpeople.com\/","name":"Approach People Recruitment","description":"","potentialAction":[{"@type":"SearchAction","target":{"@type":"EntryPoint","urlTemplate":"https:\/\/www.approachpeople.com\/?s={search_term_string}"},"query-input":{"@type":"PropertyValueSpecification","valueRequired":true,"valueName":"search_term_string"}}],"inLanguage":"es"},{"@type":"Person","@id":"https:\/\/www.approachpeople.com\/#\/schema\/person\/2d2550d8c67dfe29d37cb237cb8cfd64","name":"team seo","image":{"@type":"ImageObject","inLanguage":"es","@id":"https:\/\/secure.gravatar.com\/avatar\/6a14c3deff96c7b9f3e5b4895e56fc1bf66870afb65789e24d03d767d1e1f19a?s=96&d=https%3A%2F%2Fwww.approachpeople.com%2Fwp-content%2Fplugins%2Fwp-jobsearch%2Fimages%2Fno-image.jpg&r=g","url":"https:\/\/secure.gravatar.com\/avatar\/6a14c3deff96c7b9f3e5b4895e56fc1bf66870afb65789e24d03d767d1e1f19a?s=96&d=https%3A%2F%2Fwww.approachpeople.com%2Fwp-content%2Fplugins%2Fwp-jobsearch%2Fimages%2Fno-image.jpg&r=g","contentUrl":"https:\/\/secure.gravatar.com\/avatar\/6a14c3deff96c7b9f3e5b4895e56fc1bf66870afb65789e24d03d767d1e1f19a?s=96&d=https%3A%2F%2Fwww.approachpeople.com%2Fwp-content%2Fplugins%2Fwp-jobsearch%2Fimages%2Fno-image.jpg&r=g","caption":"team seo"}}]}},"_links":{"self":[{"href":"https:\/\/www.approachpeople.com\/es\/wp-json\/wp\/v2\/posts\/66425","targetHints":{"allow":["GET"]}}],"collection":[{"href":"https:\/\/www.approachpeople.com\/es\/wp-json\/wp\/v2\/posts"}],"about":[{"href":"https:\/\/www.approachpeople.com\/es\/wp-json\/wp\/v2\/types\/post"}],"author":[{"embeddable":true,"href":"https:\/\/www.approachpeople.com\/es\/wp-json\/wp\/v2\/users\/162"}],"replies":[{"embeddable":true,"href":"https:\/\/www.approachpeople.com\/es\/wp-json\/wp\/v2\/comments?post=66425"}],"version-history":[{"count":0,"href":"https:\/\/www.approachpeople.com\/es\/wp-json\/wp\/v2\/posts\/66425\/revisions"}],"wp:featuredmedia":[{"embeddable":true,"href":"https:\/\/www.approachpeople.com\/es\/wp-json\/wp\/v2\/media\/64896"}],"wp:attachment":[{"href":"https:\/\/www.approachpeople.com\/es\/wp-json\/wp\/v2\/media?parent=66425"}],"wp:term":[{"taxonomy":"category","embeddable":true,"href":"https:\/\/www.approachpeople.com\/es\/wp-json\/wp\/v2\/categories?post=66425"},{"taxonomy":"post_tag","embeddable":true,"href":"https:\/\/www.approachpeople.com\/es\/wp-json\/wp\/v2\/tags?post=66425"}],"curies":[{"name":"wp","href":"https:\/\/api.w.org\/{rel}","templated":true}]}}